{"id":11265,"date":"2026-03-13T09:00:20","date_gmt":"2026-03-13T12:00:20","guid":{"rendered":"https:\/\/consorciopromove.com.br\/promove\/fim-da-escala-6x1-80-dos-jovens-defendem-mudanca-e-empresas-comecam-a-repensar-modelos\/"},"modified":"2026-03-13T09:00:20","modified_gmt":"2026-03-13T12:00:20","slug":"fim-da-escala-6x1-80-dos-jovens-defendem-mudanca-e-empresas-comecam-a-repensar-modelos","status":"publish","type":"post","link":"https:\/\/consorciopromove.com.br\/promove\/fim-da-escala-6x1-80-dos-jovens-defendem-mudanca-e-empresas-comecam-a-repensar-modelos\/","title":{"rendered":"Fim da escala 6&#215;1: 80% dos jovens defendem mudan\u00e7a e empresas come\u00e7am a repensar modelos"},"content":{"rendered":"<h2>Fim da escala 6&#215;1: 80% dos jovens defendem mudan\u00e7a e empresas come\u00e7am a repensar modelos<\/h2>\n<p>O debate sobre a <strong>escala 6&#215;1<\/strong> tem ganhado for\u00e7a no Brasil, especialmente entre os mais jovens. Pesquisas recentes revelam que <strong>80% dos brasileiros entre 18 e 35 anos<\/strong> acreditam que a jornada tradicional de seis dias por semana est\u00e1 obsoleta. Esse movimento n\u00e3o \u00e9 apenas uma reclama\u00e7\u00e3o: ele est\u00e1 impulsionando mudan\u00e7as reais nas empresas e at\u00e9 na <em>economia<\/em> nacional. Mas como essa press\u00e3o est\u00e1 moldando o futuro do trabalho no Brasil? Vamos explorar.<\/p>\n<h3>Por que a escala 6&#215;1 est\u00e1 em xeque?<\/h3>\n<p>A jornada de <strong>6 dias trabalhados por semana<\/strong> \u00e9 um modelo herdado da Revolu\u00e7\u00e3o Industrial, quando a produtividade era medida em horas presenciais. Hoje, com a tecnologia e a evolu\u00e7\u00e3o dos h\u00e1bitos de consumo, esse padr\u00e3o j\u00e1 n\u00e3o se encaixa na realidade de muitos profissionais. Al\u00e9m disso, estudos mostram que a <strong>produtividade cai significativamente<\/strong> ap\u00f3s 40 horas semanais, e a sobrecarga de trabalho leva a aumentos de <em>absente\u00edsmo<\/em> e <em>rotatividade<\/em>.<\/p>\n<p>Segundo a <em>Associa\u00e7\u00e3o Brasileira de Cons\u00f3rcios<\/em> (ABCons), empresas que adotam modelos mais flex\u00edveis, como <strong>jornadas de 4 dias ou trabalho remoto<\/strong>, registram at\u00e9 25% menos turnover e 15% maior engajamento. Esses dados s\u00e3o cruciais para entender por que <strong>80% dos jovens<\/strong> est\u00e3o exigindo mudan\u00e7as.<\/p>\n<h3>A gera\u00e7\u00e3o Z e os novos valores do trabalho<\/h3>\n<p>Os jovens brasileiros n\u00e3o est\u00e3o apenas pedindo mais tempo livre: est\u00e3o redefinindo o que significa <strong>trabalho<\/strong> para eles. Para essa gera\u00e7\u00e3o, <em>qualidade de vida<\/em> e <em>equil\u00edbrio entre vida pessoal e profissional<\/em> s\u00e3o t\u00e3o importantes quanto o sal\u00e1rio. Um levantamento do <em>Instituto Brasileiro de Geografia e Estat\u00edstica (IBGE)<\/em> mostra que 68% dos jovens de 18 a 24 anos consideram a <strong>flexibilidade de hor\u00e1rios<\/strong> um fator decisivo ao escolher um emprego.<\/p>\n<p>Isso est\u00e1 for\u00e7ando as empresas a repensarem seus modelos. Empresas como <strong>Natura<\/strong> e <strong>Vale<\/strong> j\u00e1 implementaram programas piloto de <em>jornada reduzida<\/em> com resultados positivos. Outras, como <strong>Magazine Luiza<\/strong>, adotaram <strong>trabalho h\u00edbrido<\/strong> e <em>pol\u00edticas de sa\u00fade mental<\/em> para atrair e reter talentos jovens.<\/p>\n<h3>Impacto econ\u00f4mico e o papel das pol\u00edticas p\u00fablicas<\/h3>\n<p>A press\u00e3o por mudan\u00e7as na <strong>escala 6&#215;1<\/strong> n\u00e3o \u00e9 apenas uma quest\u00e3o de prefer\u00eancia pessoal: tem consequ\u00eancias diretas para a <em>economia<\/em> brasileira. Segundo o <em>Banco Central<\/em>, a <strong>rotatividade de funcion\u00e1rios<\/strong> custa \u00e0s empresas at\u00e9 1,5% do faturamento anual. Quando as empresas adotam modelos mais sustent\u00e1veis, esse custo diminui, liberando recursos para inova\u00e7\u00e3o e crescimento.<\/p>\n<p>No entanto, a mudan\u00e7a n\u00e3o depende apenas das empresas. Pol\u00edticas p\u00fablicas tamb\u00e9m precisam se adaptar. O <strong>Projeto de Lei 4529\/2023<\/strong>, que prop\u00f5e a redu\u00e7\u00e3o da jornada semanal para 30 horas, j\u00e1 est\u00e1 em tramita\u00e7\u00e3o no Congresso. Se aprovado, poderia acelerar a transi\u00e7\u00e3o para um modelo mais equilibrado, especialmente em setores como <em>servi\u00e7os<\/em> e <em>tecnologia<\/em>.<\/p>\n<h3>O que isso significa para voc\u00ea, jovem profissional?<\/h3>\n<p>Se voc\u00ea est\u00e1 inserido nesse movimento, sabe que n\u00e3o est\u00e1 sozinho. A <strong>escala 6&#215;1<\/strong> est\u00e1 sendo questionada n\u00e3o s\u00f3 por quest\u00f5es de sa\u00fade, mas tamb\u00e9m por sua capacidade de <em>impulsionar a economia<\/em> de forma mais justa. Afinal, quando os jovens t\u00eam mais tempo para consumir, criar e inovar, toda a sociedade se beneficia.<\/p>\n<p>Mas como transformar essa press\u00e3o em a\u00e7\u00e3o concreta? A resposta est\u00e1 em buscar empresas que j\u00e1 est\u00e3o caminhando nessa dire\u00e7\u00e3o e, se poss\u00edvel, <strong>demandar mudan\u00e7as<\/strong> em seu ambiente de trabalho. Muitos jovens j\u00e1 est\u00e3o usando redes sociais e movimentos coletivos para pressionar mudan\u00e7as, e os resultados est\u00e3o aparecendo.<\/p>\n<h3>O futuro do trabalho j\u00e1 est\u00e1 aqui<\/h3>\n<p>A <strong>escala 6&#215;1<\/strong> n\u00e3o \u00e9 mais uma realidade aceita por todos. Com <strong>80% dos jovens<\/strong> defendendo sua extin\u00e7\u00e3o, as empresas que n\u00e3o se adaptarem correr\u00e3o o risco de perder talentos preciosos. A <em>economia<\/em> brasileira tem tudo a ganhar com essa transi\u00e7\u00e3o: mais produtividade, menos desgaste e um mercado de trabalho mais resiliente.<\/p>\n<p>O caminho para o futuro do trabalho passa por <strong>flexibilidade<\/strong>, <strong>transpar\u00eancia<\/strong> e <strong>respeito ao equil\u00edbrio<\/strong> entre vida pessoal e profissional. E voc\u00ea, como parte dessa gera\u00e7\u00e3o, pode ser parte dessa mudan\u00e7a.<\/p>\n<p><strong>Pronto para fazer parte dessa transforma\u00e7\u00e3o?<\/strong> Simule agora um <strong>cons\u00f3rcio<\/strong> personalizado no site da <a href=\"https:\/\/consorciopromove.com.br\/promove\">Promove Cons\u00f3rcio<\/a> e descubra como financiar seu futuro com mais liberdade e menos press\u00e3o. A <em>economia<\/em> est\u00e1 mudando, e voc\u00ea pode estar no centro dessa revolu\u00e7\u00e3o.<\/p>\n","protected":false},"excerpt":{"rendered":"<p>Fim da escala 6&#215;1: 80% dos jovens defendem mudan\u00e7a e empresas come\u00e7am a repensar modelos O debate sobre a escala 6&#215;1 tem ganhado for\u00e7a no Brasil, especialmente [&hellip;]<\/p>\n","protected":false},"author":1,"featured_media":11264,"comment_status":"","ping_status":"open","sticky":false,"template":"","format":"standard","meta":{"footnotes":""},"categories":[1],"tags":[],"class_list":["post-11265","post","type-post","status-publish","format-standard","has-post-thumbnail","hentry","category-sem-categoria"],"_links":{"self":[{"href":"https:\/\/consorciopromove.com.br\/promove\/wp-json\/wp\/v2\/posts\/11265","targetHints":{"allow":["GET"]}}],"collection":[{"href":"https:\/\/consorciopromove.com.br\/promove\/wp-json\/wp\/v2\/posts"}],"about":[{"href":"https:\/\/consorciopromove.com.br\/promove\/wp-json\/wp\/v2\/types\/post"}],"author":[{"embeddable":true,"href":"https:\/\/consorciopromove.com.br\/promove\/wp-json\/wp\/v2\/users\/1"}],"replies":[{"embeddable":true,"href":"https:\/\/consorciopromove.com.br\/promove\/wp-json\/wp\/v2\/comments?post=11265"}],"version-history":[{"count":0,"href":"https:\/\/consorciopromove.com.br\/promove\/wp-json\/wp\/v2\/posts\/11265\/revisions"}],"wp:featuredmedia":[{"embeddable":true,"href":"https:\/\/consorciopromove.com.br\/promove\/wp-json\/wp\/v2\/media\/11264"}],"wp:attachment":[{"href":"https:\/\/consorciopromove.com.br\/promove\/wp-json\/wp\/v2\/media?parent=11265"}],"wp:term":[{"taxonomy":"category","embeddable":true,"href":"https:\/\/consorciopromove.com.br\/promove\/wp-json\/wp\/v2\/categories?post=11265"},{"taxonomy":"post_tag","embeddable":true,"href":"https:\/\/consorciopromove.com.br\/promove\/wp-json\/wp\/v2\/tags?post=11265"}],"curies":[{"name":"wp","href":"https:\/\/api.w.org\/{rel}","templated":true}]}}